{"id":643,"date":"2015-08-25T17:38:21","date_gmt":"2015-08-25T17:38:21","guid":{"rendered":"http:\/\/fertilem.com\/?p=643"},"modified":"2015-08-25T17:38:21","modified_gmt":"2015-08-25T17:38:21","slug":"se-realizara-una-jornada-sobre-el-desarrollo-de-los-agronegocios-en-america-del-sur","status":"publish","type":"post","link":"http:\/\/fertilem.com\/es\/se-realizara-una-jornada-sobre-el-desarrollo-de-los-agronegocios-en-america-del-sur\/","title":{"rendered":"Se realizar\u00e1 una jornada sobre el desarrollo de los agronegocios en Am\u00e9rica del Sur"},"content":{"rendered":"<style type=\"text\/css\"><\/style><p>Ya arranca el \u00abSeminario Internacional Conocimiento y Prospectiva para el Desarrollo de los Agronegocios en Am\u00e9rica del Sur\u00bb. El evento ser\u00e1 en el hotel \u00a0Hotel Hilton Garden Inn en San Miguel de Tucum\u00e1n, Tucum\u00e1n, y se dar\u00e1 el 25 y 26 de agosto.<\/p>\n<p>&nbsp;<\/p>\n<p>Para m\u00e1s informaci\u00f3n ver el siguiente <a href=\"http:\/\/www.clarin.com\/rural\/agricultura\/jornada-tucuman-Conocimiento_y_Prospectiva_para_el_Desarrollo_de_los_Agronegocios_en_America_del_Sur_0_1418258572.html\">link<\/a><\/p>","protected":false},"excerpt":{"rendered":"<p>Ya arranca el \u00abSeminario Internacional Conocimiento y Prospectiva para el Desarrollo de los Agronegocios en Am\u00e9rica del Sur\u00bb. El evento ser\u00e1 en el hotel \u00a0Hotel Hilton Garden Inn en San Miguel de Tucum\u00e1n, Tucum\u00e1n, y se dar\u00e1 el 25 y 26 de agosto. &nbsp; Para m\u00e1s informaci\u00f3n ver el siguiente link<\/p>\n","protected":false},"author":7,"featured_media":645,"comment_status":"closed","ping_status":"closed","sticky":false,"template":"","format":"standard","meta":{"footnotes":""},"categories":[1],"tags":[15,17],"class_list":["post-643","post","type-post","status-publish","format-standard","has-post-thumbnail","hentry","category-sin-categoria","tag-agronegocios","tag-latinoamerica"],"_links":{"self":[{"href":"http:\/\/fertilem.com\/es\/wp-json\/wp\/v2\/posts\/643","targetHints":{"allow":["GET"]}}],"collection":[{"href":"http:\/\/fertilem.com\/es\/wp-json\/wp\/v2\/posts"}],"about":[{"href":"http:\/\/fertilem.com\/es\/wp-json\/wp\/v2\/types\/post"}],"author":[{"embeddable":true,"href":"http:\/\/fertilem.com\/es\/wp-json\/wp\/v2\/users\/7"}],"replies":[{"embeddable":true,"href":"http:\/\/fertilem.com\/es\/wp-json\/wp\/v2\/comments?post=643"}],"version-history":[{"count":0,"href":"http:\/\/fertilem.com\/es\/wp-json\/wp\/v2\/posts\/643\/revisions"}],"wp:featuredmedia":[{"embeddable":true,"href":"http:\/\/fertilem.com\/es\/wp-json\/wp\/v2\/media\/645"}],"wp:attachment":[{"href":"http:\/\/fertilem.com\/es\/wp-json\/wp\/v2\/media?parent=643"}],"wp:term":[{"taxonomy":"category","embeddable":true,"href":"http:\/\/fertilem.com\/es\/wp-json\/wp\/v2\/categories?post=643"},{"taxonomy":"post_tag","embeddable":true,"href":"http:\/\/fertilem.com\/es\/wp-json\/wp\/v2\/tags?post=643"}],"curies":[{"name":"wp","href":"https:\/\/api.w.org\/{rel}","templated":true}]}}