{"id":493,"date":"1998-06-08T16:14:14","date_gmt":"1998-06-08T16:14:14","guid":{"rendered":"http:\/\/fertilem.com\/?p=493"},"modified":"2015-11-11T03:14:48","modified_gmt":"2015-11-11T03:14:48","slug":"todas-las-miradas-hacia-la-tecnologia","status":"publish","type":"post","link":"http:\/\/fertilem.com\/es\/todas-las-miradas-hacia-la-tecnologia\/","title":{"rendered":"Todas las miradas hacia la tecnolog\u00eda"},"content":{"rendered":"<style type=\"text\/css\"><\/style><p><strong>clave: los nuevos sistemas de producci\u00f3n ocupan un espacio destacado en la muestra que se desarrolla hasta ma\u00f1ana.<\/strong><\/p>\n<p>Fuente: <a href=\"http:\/\/www.lanacion.com.ar\/199886-todas-las-miradas-hacia-la-tecnologia\">la naci\u00f3n &#8211; Exposaladillo 1998\u00a0<\/a><\/p>\n<p class=\"primero\">Desafiando a un Ni\u00f1o encaprichado en descargar sus \u00faltimos br\u00edos, la Expo Saladillo 98 abri\u00f3 sus puertas a los visitantes.<\/p>\n<p>\u00abEl objetivo de la muestra es plantear y proponer nuevos paquetes tecnol\u00f3gicos como alternativas para mejorar el ingreso de los establecimientos rurales\u00bb, declar\u00f3 a La Naci\u00f3n Leandro Prada, presidente de Agro-Emprendimientos S.A., firma organizadora de la muestra.<\/p>\n<p>A partir de esta iniciativa, los organizadores intentan repetir este tipo de acontecimientos en la provincia de Buenos Aires.<\/p>\n<p>La Expo re\u00fane, en sus 566 hect\u00e1reas, a profesionales, productores, t\u00e9cnicos, autoridades y comerciantes que buscan aunar experiencias para mejorar sus resultados.<\/p>\n<p>Atractivos<\/p>\n<p>El sector que despierta mayor inter\u00e9s dentro de la exposici\u00f3n lo representan las 20 hect\u00e1reas donde se ha hecho siembra directa de soja transg\u00e9nica sobre una zona de lomas medanosas, como se informa por separado.<\/p>\n<p>Para los ganaderos se presenta un m\u00f3dulo de alta producci\u00f3n de invernada intensiva, supervisado por el INTA Balcarce, cuya instrumentaci\u00f3n, se\u00f1al\u00f3 Prada, arroj\u00f3 como resultado una producci\u00f3n de 1200 kilogramos por hect\u00e1rea y por a\u00f1o. Esta t\u00e9cnica se bas\u00f3 en un sistesma pastoril y de suplementaci\u00f3n muy intensivo con un 80% de pasto, 17% de ma\u00edz y 3% de rollo.<\/p>\n<p>Adem\u00e1s, se exhibe un m\u00f3dulo de destete precoz hecho sobre feed lot, para su utilizaci\u00f3n en vaquillonas con servicio de quince meses. La utilizaci\u00f3n de anab\u00f3licos se aplic\u00f3 para la producci\u00f3n intensiva, en categor\u00eda novillos, terneros, vaquillonas y vacas con un resultado positivo promedio, al cabo de 90 d\u00edas, de 25, 12, 18 y 12 kilogramos, respectivamente.<\/p>\n<p>En la estancia Don Ram\u00f3n, lugar elegido para la muestra, se exponen lotes de siembra extensiva con sistema de labranza y siembra convencional en cultivos de girasol, soja y ma\u00edz.<\/p>\n<p>Conferencias, demostraciones a campo y actividades recreativas configuran un paseo que, m\u00e1s all\u00e1 de la importancia tecnol\u00f3gica, puede ser disfrutado por toda la familia.<\/p>\n<h2>SOJA SOBRE M\u00c9DANOS<\/h2>\n<p>El adelanto m\u00e1s sobresaliente de la Expo Saladillo \u00b498 lo representa la siembra directa de soja de la variedad A 5437 (resistente a Roundup) sobre una zona medanosa, donde la materia org\u00e1nica existente en el suelo al iniciar la experiencia era de s\u00f3lo 1,6 por ciento.<\/p>\n<p>Ante esta realidad, el ingeniero agr\u00f3nomo Cristian Angio, de la firma No Are, inici\u00f3 una labor con el objetivo, en primer lugar, de recuperar el suelo para continuar con la implantaci\u00f3n de la soja.<\/p>\n<p>Las 20 hect\u00e1reas elegidas para la experiencia eran utilizadas para la ganader\u00eda y sobre ellas s\u00f3lo crec\u00eda pasto llor\u00f3n.<\/p>\n<p>Seg\u00fan explic\u00f3 Angio, las claves para realizar este tipo de siembra son la buena realizaci\u00f3n del barbecho que, en este caso, consisti\u00f3 en fumigar el pasto para que el suelo acumule toda el agua producto de las lluvias y un plan de fertilizaci\u00f3n rico en f\u00f3sforo, materia vital para el desarrollo radical del cultivo. \u00abAl matar todo lo verde no hay plantas que absorban agua y nutrientes indispensables en estos suelos arenosos\u00bb, se\u00f1al\u00f3 el profesional.<\/p>\n<p>El pasto seco act\u00faa como un colch\u00f3n de humedad para el posterior desarrollo del cultivo que, una vez implantado, debe tener un seguimiento especial de control de malezas e insectos, para evitar cualquier tipo de estr\u00e9s a la planta.<\/p>\n<p>Todos estos pasos derivaron en una producci\u00f3n estimada para las 20 hect\u00e1reas de 2500 kilogramos. <span class=\"fin\">.<\/span><\/p>\n","protected":false},"excerpt":{"rendered":"<p>clave: los nuevos sistemas de producci\u00f3n ocupan un espacio destacado en la muestra que se desarrolla hasta ma\u00f1ana. Fuente: la naci\u00f3n &#8211; Exposaladillo 1998\u00a0 Desafiando a un Ni\u00f1o encaprichado en descargar sus \u00faltimos br\u00edos, la Expo Saladillo 98 abri\u00f3 sus puertas a los visitantes. \u00abEl objetivo de la muestra es plantear y proponer nuevos paquetes&#8230;<\/p>\n","protected":false},"author":7,"featured_media":494,"comment_status":"closed","ping_status":"closed","sticky":false,"template":"","format":"standard","meta":{"footnotes":""},"categories":[13],"tags":[],"class_list":["post-493","post","type-post","status-publish","format-standard","has-post-thumbnail","hentry","category-prensa"],"_links":{"self":[{"href":"http:\/\/fertilem.com\/es\/wp-json\/wp\/v2\/posts\/493","targetHints":{"allow":["GET"]}}],"collection":[{"href":"http:\/\/fertilem.com\/es\/wp-json\/wp\/v2\/posts"}],"about":[{"href":"http:\/\/fertilem.com\/es\/wp-json\/wp\/v2\/types\/post"}],"author":[{"embeddable":true,"href":"http:\/\/fertilem.com\/es\/wp-json\/wp\/v2\/users\/7"}],"replies":[{"embeddable":true,"href":"http:\/\/fertilem.com\/es\/wp-json\/wp\/v2\/comments?post=493"}],"version-history":[{"count":0,"href":"http:\/\/fertilem.com\/es\/wp-json\/wp\/v2\/posts\/493\/revisions"}],"wp:featuredmedia":[{"embeddable":true,"href":"http:\/\/fertilem.com\/es\/wp-json\/wp\/v2\/media\/494"}],"wp:attachment":[{"href":"http:\/\/fertilem.com\/es\/wp-json\/wp\/v2\/media?parent=493"}],"wp:term":[{"taxonomy":"category","embeddable":true,"href":"http:\/\/fertilem.com\/es\/wp-json\/wp\/v2\/categories?post=493"},{"taxonomy":"post_tag","embeddable":true,"href":"http:\/\/fertilem.com\/es\/wp-json\/wp\/v2\/tags?post=493"}],"curies":[{"name":"wp","href":"https:\/\/api.w.org\/{rel}","templated":true}]}}